{"id":8665,"date":"2026-08-31T09:38:59","date_gmt":"2026-08-31T13:38:59","guid":{"rendered":"https:\/\/amundsenscience.com\/?p=8665"},"modified":"2026-08-31T10:08:21","modified_gmt":"2026-08-31T14:08:21","slug":"un-consortium-canadien-de-recherche-lance-une-importante-expedition-internationale-en-arctique-a-bord-du-ngcc-amundsen","status":"publish","type":"post","link":"https:\/\/amundsenscience.com\/fr\/communiques-de-presse\/un-consortium-canadien-de-recherche-lance-une-importante-expedition-internationale-en-arctique-a-bord-du-ngcc-amundsen\/","title":{"rendered":"Un consortium canadien de recherche lance une importante exp\u00e9dition internationale en Arctique \u00e0 bord du NGCC Amundsen"},"content":{"rendered":"\n<section class=\"block-hero single no-frame-lines\">\n    <div class=\"hero-content hero-block-top-pad block-bottom-pad-xs inline-pad dark-frame-lines\">\n                <div class=\"meta-data\">\n            <span class=\"cat-label subtitle\">Communiqu\u00e9s de presse<\/span>\n            <span class=\"date subtitle\">31 ao\u00fbt 2026<\/span>\n        <\/div>\n        <h1 class=\"headline\">Un consortium canadien de recherche lance une importante exp\u00e9dition internationale en Arctique \u00e0 bord du NGCC Amundsen<\/h1>\n    <\/div>\n\n            <div class=\"parallax-image cover aspect-ratio-wide white-frame-lines\">\n            <img decoding=\"async\" class=\"lazyload\" src=\"https:\/\/amundsenscience.com\/wp-content\/uploads\/2026\/08\/DSC_7773-150x100.jpeg\" data-src=\"https:\/\/amundsenscience.com\/wp-content\/uploads\/2026\/08\/DSC_7773-1920x1280.jpeg\" alt=\"\">\n        <\/div>\n    \n<\/section>\n\n<section class=\"inline-pad block-pad\">\r\n\r\n    <div class=\"wysiwyg-layout\">\r\n\r\n        <div class=\"content\">\r\n\r\n                            \r\n                    \r\n                        \r\n                        <div class=\"text-area wysiwyg\">\r\n                            <p class=\"p1\"><strong>Qu\u00e9bec, 21 juillet 2026<\/strong> \u2013 Une importante exp\u00e9dition scientifique internationale et multidisciplinaire a d\u00e9but\u00e9 le 10 juillet \u00e0 bord du brise-glace de recherche canadien NGCC Amundsen. Jusqu\u2019au 25 novembre, des \u00e9quipes de recherche m\u00e8neront des op\u00e9rations dans plusieurs r\u00e9gions strat\u00e9giques de l\u2019Arctique canadien et du Groenland, afin de recueillir des \u00e9chantillons et des donn\u00e9es essentielles pour mieux comprendre les changements environnementaux et \u00e9cologiques qui touchent le Nord. Cette exp\u00e9dition contribuera \u00e9galement \u00e0 renforcer la pr\u00e9sence scientifique du Canada dans les eaux arctiques et \u00e0 former une nouvelle g\u00e9n\u00e9ration de chercheuses et chercheurs.<\/p>\n<p class=\"p1\">Coordonn\u00e9e par Amundsen Science en partenariat avec la Garde c\u00f4ti\u00e8re canadienne, cette exp\u00e9dition de 139 jours permettra aux \u00e9quipes de recherche d\u2019explorer plusieurs r\u00e9gions cl\u00e9s, notamment la mer du Labrador, la baie de Baffin, le passage du Nord-Ouest, le d\u00e9troit de Nares, la zone marine prot\u00e9g\u00e9e de Tuvaijuittuq, ainsi que plusieurs fjords le long de la c\u00f4te ouest du Groenland et dans l\u2019archipel arctique canadien. L&rsquo;exp\u00e9dition r\u00e9unira plus de 200 personnes, incluant des scientifiques, des \u00e9tudiantes, des \u00e9tudiants, des ing\u00e9nieures, ing\u00e9nieurs, des chercheuses, des chercheurs, des partenaires du Nord, des artistes et de journalistes, issus de pr\u00e8s de 50 institutions et organisations canadiennes et internationales.<\/p>\n<p class=\"p2\">\u00ab Amundsen Science rassemble des \u00e9quipes scientifiques canadiennes et internationales ainsi que des partenaires Inuit \u00e0 bord du NGCC Amundsen afin de faire progresser la recherche de niveau mondial dans l\u2019Arctique. Ces collaborations s\u2019appuient sur les capacit\u00e9s propres du Canada en mati\u00e8re de recherche arctique et nous permettent de contribuer \u00e0 la science arctique internationale en position de force, tout en renfor\u00e7ant notre capacit\u00e9 \u00e0 comprendre et \u00e0 g\u00e9rer l\u2019Arctique de mani\u00e8re responsable et respectueuse \u00bb, d\u00e9clare Alexandre Forest, directeur ex\u00e9cutif d\u2019Amundsen Science.<\/p>\n<p class=\"p2\">Organis\u00e9e en cinq \u00e9tapes de 28 jours chacune, l\u2019exp\u00e9dition Amundsen 2026 soutiendra sept programmes scientifiques dont l\u2019objectif global est d\u2019am\u00e9liorer notre compr\u00e9hension des changements environnementaux et soci\u00e9taux rapides qui redessinent l\u2019Arctique canadien et les eaux adjacentes du Groenland, tout en fournissant des connaissances permettant une prise de d\u00e9cision fond\u00e9e sur la science. L\u2019int\u00e9gration des savoirs Inuit et des priorit\u00e9s locales \u00e0 des approches scientifiques de pointe constitue un aspect essentiel de l\u2019exp\u00e9dition. En mer du Labrador, les travaux collaboratifs men\u00e9s au cours du mois de juillet permettront d\u2019acqu\u00e9rir des connaissances essentielles sur les habitats \u00e0 forte biodiversit\u00e9 et les \u00e9cosyst\u00e8mes fragiles, afin de soutenir la mise en place des<span class=\"s1\"><\/span>8 juillet, 2026 aires marines prot\u00e9g\u00e9es propos\u00e9es dans le cadre des efforts de planification marine du Nunatsiavut. Dans le cadre de ces travaux, Amundsen Science d\u00e9ploiera son v\u00e9hicule sous-marin t\u00e9l\u00e9command\u00e9, ASTRID, pour documenter et pr\u00e9lever des \u00e9chantillons dans six zones rev\u00eatant une importance particuli\u00e8re pour la biodiversit\u00e9 benthique et la conservation marine.<\/p>\n<p class=\"p2\">En ao\u00fbt, des \u00e9quipes de recherche internationales multidisciplinaires \u00e9tudieront les changements li\u00e9s aux glaciers rattach\u00e9s au manteau glaciaire du Groenland, la plus grande masse de glace de l\u2019h\u00e9misph\u00e8re nord. Leurs travaux permettront de mieux comprendre comment la fonte des glaciers affecte les \u00e9cosyst\u00e8mes marins et la productivit\u00e9 de l\u2019Arctique, les communaut\u00e9s du Nord et le niveau mondial des mers. Ces \u00e9quipes remonteront \u00e0 bord de l\u2019Amundsen en novembre pour \u00e9tudier la formation et l\u2019\u00e9volution de la banquise arctique pendant la p\u00e9riode de gel de l\u2019oc\u00e9an, une p\u00e9riode cruciale, mais peu \u00e9tudi\u00e9e qui influence les \u00e9changes thermiques et gazeux \u00e0 l\u2019interface air-mer, les cycles \u00e9cologiques au d\u00e9but de la nuit polaire et la pr\u00e9visibilit\u00e9 de l\u2019\u00e9volution des conditions glacielles.<\/p>\n<p class=\"p2\">Trois grands programmes de recherche uniront leurs forces en septembre afin d&rsquo;\u00e9tudier certains des environnements les moins \u00e9tudi\u00e9s et les plus sujets \u00e0 des changements rapides de l&rsquo;Extr\u00eame arctique canadien. Les \u00e9quipes de recherche examineront les interactions de la fonte des glaciers, la dynamique de la banquise, la circulation oc\u00e9anique, les processus des fonds marins et les \u00e9cosyst\u00e8mes marins dans ces r\u00e9gions recul\u00e9es. Des pr\u00e9l\u00e8vements cibl\u00e9s, tant sur le littoral qu\u2019\u00e0 terre, \u00e0 proximit\u00e9 des glaciers, des lacs et des fjords seront effectu\u00e9s. Ces travaux renforceront la capacit\u00e9 du Canada \u00e0 surveiller, comprendre et pr\u00e9server les environnements arctiques recul\u00e9s qui rev\u00eatent une importance strat\u00e9gique sur les plans scientifique, \u00e9cologique et national.<\/p>\n<p class=\"p2\">Au mois d&rsquo;octobre, deux grands programmes de recherche m\u00e8neront des travaux en parall\u00e8le dans la baie de Baffin et le d\u00e9troit de Davis afin de soutenir la gestion \u00e9cosyst\u00e9mique des populations marines et d&rsquo;am\u00e9liorer les observations \u00e0 long terme. L&rsquo;un de ces programmes se concentrera sur la productivit\u00e9 biologique, les habitats marins et la surveillance des \u00e9cosyst\u00e8mes, tandis que l&rsquo;autre consistera \u00e0 renouveler les donn\u00e9es des r\u00e9seaux d&rsquo;observation oc\u00e9anique afin de documenter la circulation oc\u00e9anique et la variabilit\u00e9 environnementale dans ce passage strat\u00e9gique entre l&rsquo;Arctique et l&rsquo;Atlantique Nord.<\/p>\n<p class=\"p2\">Au-del\u00e0 de l&rsquo;avancement de la science arctique, cette exp\u00e9dition g\u00e9n\u00e9rera d&rsquo;importantes retomb\u00e9es socio-\u00e9conomiques pour le Canada en formant pr\u00e8s de 75 \u00e9tudiants dans un environnement de terrain exigeant et en pr\u00e9parant la prochaine g\u00e9n\u00e9ration de sp\u00e9cialistes de l&rsquo;Arctique. Elle renforcera \u00e9galement la collaboration avec les communaut\u00e9s du Nord gr\u00e2ce \u00e0 la participation de chercheuses, chercheurs, de techniciennes, techniciens et de repr\u00e9sentantes, repr\u00e9sentants communautaires Inuit, ainsi qu&rsquo;\u00e0 des visites pr\u00e9vues dans les communaut\u00e9s qui cr\u00e9eront des occasions d&rsquo;\u00e9change entre les membres des communaut\u00e9s, les \u00e9quipes scientifiques et les membres de la Garde c\u00f4ti\u00e8re canadienne.<\/p>\n<p><a href=\"https:\/\/amundsenscience.com\/wp-content\/uploads\/2026\/08\/Communique-139-jours-en-Arctique-Depart-du-NGCC-Amundsen-2026.pdf\" class=\"cta-main\"><span><span data-name=\"T\u00c9L\u00c9CHARGER LE COMMUNIQU\u00c9 DE PRESSE\">T\u00c9L\u00c9CHARGER LE COMMUNIQU\u00c9 DE PRESSE<\/span><\/span><\/a><\/p>\n                        <\/div>\r\n\r\n                    \r\n                            \r\n        <\/div>\r\n\r\n    <\/div>\r\n\r\n<\/section>","protected":false},"excerpt":{"rendered":"","protected":false},"author":5,"featured_media":0,"comment_status":"closed","ping_status":"closed","sticky":false,"template":"","format":"standard","meta":{"_acf_changed":true,"wds_primary_category":35,"footnotes":""},"categories":[35],"tags":[],"class_list":["post-8665","post","type-post","status-publish","format-standard","hentry","category-communiques-de-presse"],"acf":[],"_links":{"self":[{"href":"https:\/\/amundsenscience.com\/fr\/wp-json\/wp\/v2\/posts\/8665","targetHints":{"allow":["GET"]}}],"collection":[{"href":"https:\/\/amundsenscience.com\/fr\/wp-json\/wp\/v2\/posts"}],"about":[{"href":"https:\/\/amundsenscience.com\/fr\/wp-json\/wp\/v2\/types\/post"}],"author":[{"embeddable":true,"href":"https:\/\/amundsenscience.com\/fr\/wp-json\/wp\/v2\/users\/5"}],"replies":[{"embeddable":true,"href":"https:\/\/amundsenscience.com\/fr\/wp-json\/wp\/v2\/comments?post=8665"}],"version-history":[{"count":0,"href":"https:\/\/amundsenscience.com\/fr\/wp-json\/wp\/v2\/posts\/8665\/revisions"}],"wp:attachment":[{"href":"https:\/\/amundsenscience.com\/fr\/wp-json\/wp\/v2\/media?parent=8665"}],"wp:term":[{"taxonomy":"category","embeddable":true,"href":"https:\/\/amundsenscience.com\/fr\/wp-json\/wp\/v2\/categories?post=8665"},{"taxonomy":"post_tag","embeddable":true,"href":"https:\/\/amundsenscience.com\/fr\/wp-json\/wp\/v2\/tags?post=8665"}],"curies":[{"name":"wp","href":"https:\/\/api.w.org\/{rel}","templated":true}]}}