{"id":5496,"date":"2024-07-15T14:08:54","date_gmt":"2024-07-15T18:08:54","guid":{"rendered":"https:\/\/amundsenscience.com\/?p=5496"},"modified":"2024-07-24T08:52:23","modified_gmt":"2024-07-24T12:52:23","slug":"des-scientifiques-du-canada-des-communautes-inuites-et-de-linternational-partent-en-expedition-conjointe-a-bord-du-brise-glace-scientifiques-ngcc-amundsen","status":"publish","type":"post","link":"https:\/\/amundsenscience.com\/fr\/communiques-de-presse\/des-scientifiques-du-canada-des-communautes-inuites-et-de-linternational-partent-en-expedition-conjointe-a-bord-du-brise-glace-scientifiques-ngcc-amundsen\/","title":{"rendered":"Des scientifiques du Canada, des communaut\u00e9s inuites et de l&rsquo;international partent en exp\u00e9dition conjointe \u00e0 bord du brise-glace scientifiques NGCC Amundsen"},"content":{"rendered":"\n<section class=\"block-hero single no-frame-lines\">\n    <div class=\"hero-content hero-block-top-pad block-bottom-pad-xs inline-pad dark-frame-lines\">\n                <div class=\"meta-data\">\n            <span class=\"cat-label subtitle\">Communiqu\u00e9s de presse<\/span>\n            <span class=\"date subtitle\">15 juillet 2024<\/span>\n        <\/div>\n        <h1 class=\"headline\">Des scientifiques du Canada, des communaut\u00e9s inuites et de l&rsquo;international partent en exp\u00e9dition conjointe \u00e0 bord du brise-glace scientifiques NGCC Amundsen<\/h1>\n    <\/div>\n\n            <div class=\"parallax-image cover aspect-ratio-wide white-frame-lines\">\n            <img decoding=\"async\" class=\"lazyload\" src=\"https:\/\/amundsenscience.com\/wp-content\/uploads\/2024\/07\/DJI_0686-frame-at-0m28s-150x79.jpg\" data-src=\"https:\/\/amundsenscience.com\/wp-content\/uploads\/2024\/07\/DJI_0686-frame-at-0m28s-1920x1013.jpg\" alt=\"\">\n        <\/div>\n    \n<\/section>\n\n<section class=\"inline-pad block-pad\">\r\n\r\n    <div class=\"wysiwyg-layout\">\r\n\r\n        <div class=\"content\">\r\n\r\n                            \r\n                    \r\n                        \r\n                        <div class=\"text-area wysiwyg\">\r\n                            <p><strong>Saint-Jean de Terre-Neuve et Labrador, 11 juillet 2024 <\/strong>\u2013 Plus de 150 scientifiques d&rsquo;organisations canadiennes et internationales, y compris des communaut\u00e9s nordiques et inuites, partageront leur temps \u00e0 bord de l\u2019unique brise-glace de recherche canadien cet \u00e9t\u00e9 et cet automne afin d&rsquo;acqu\u00e9rir de nouvelles connaissances sur l&rsquo;Extr\u00eame-Arctique. Le navire de la Garde c\u00f4ti\u00e8re canadienne (NGCC) <em>Amundsen<\/em> quittera le port de St. John&rsquo;s, Terre-Neuve-et-Labrador, le 11 juillet pour 112 jours en mer r\u00e9partis en quatre \u00e9tapes scientifiques. Une fois parti, le navire suivra la c\u00f4te du Nunatsiavut dans la mer du Labrador en direction de la baie de Baffin, du d\u00e9troit de Smith et du d\u00e9troit de Nares. Tout en r\u00e9alisant des op\u00e9rations scientifiques, en \u00e9changeant des connaissances et en accomplissant des formations, les \u00e9quipes \u00e0 bord du NGCC <em>Amundsen<\/em> poursuivront leur route plus au nord, jusqu&rsquo;\u00e0 la mer de Lincoln, si les conditions de glace le permettent.<\/p>\n<p><strong><u>Un collectif de scientifiques multidisciplinaire et international<\/u><\/strong><\/p>\n<p>Les chercheuses et chercheurs de la cohorte 2024 font partie de sept programmes multidisciplinaires et \u00e9tudieront les \u00e9cosyst\u00e8mes marins arctiques et subarctiques \u00e0 travers une vari\u00e9t\u00e9 d&rsquo;activit\u00e9s et d&rsquo;\u00e9tudes int\u00e9gr\u00e9es ciblant les environnements physiques, chimiques et biologiques, ainsi que la g\u00e9ologie des fonds marins. C\u2019est avec fiert\u00e9 que le NGCC <em>Amundsen<\/em> accueille cette ann\u00e9e des programmes de recherche internationaux. En effet, des \u00e9quipes de scientifiques de diverses institutions fran\u00e7aises, suisses, norv\u00e9giennes, de l&rsquo;Islande, d&rsquo;Alaska et du Royaume-Uni se joindront aux scientifiques canadiens pour r\u00e9aliser les op\u00e9rations de l\u2019Exp\u00e9dition <em>Amundsen<\/em> 2024.<\/p>\n<p><strong><u>Plusieurs programmes recherche reviennent \u00e0 bord du NGCC <em>Amundsen<\/em> <\/u><\/strong><\/p>\n<p>Au cours du premier Leg scientifique de l&rsquo;exp\u00e9dition (Leg 2), l&rsquo;<em>Amundsen<\/em> naviguera le long de la c\u00f4te du Nunatsiavut, de la mer du Labrador, de la baie de Baffin et de l&rsquo;\u00eele de Baffin. \u00c0 bord, des scientifiques multidisciplinaires, l&rsquo;\u00e9quipe technique d\u2019Amundsen Science et l&rsquo;\u00e9quipage de la Garde c\u00f4ti\u00e8re canadienne effectueront des op\u00e9rations scientifiques avec la rosette CTD, les carottiers \u00e0 bo\u00eete, le v\u00e9hicule sous-marin t\u00e9l\u00e9guid\u00e9 (ROV) et plusieurs autres instruments du parc d\u2019\u00e9quipement scientifique.<\/p>\n<p>En collaboration avec des scientifiques locaux du Nunatsiavut, ces diverses op\u00e9rations s&rsquo;inscrivent dans le cadre de l&rsquo;initiative de planification marine Imappivut et du programme Benthic-Refuge du minist\u00e8re des P\u00eaches et Oc\u00e9ans (MPO). Elles permettront d&rsquo;identifier, d&rsquo;\u00e9tudier et de surveiller les \u00e9cosyst\u00e8mes c\u00f4tiers vuln\u00e9rables, et d&rsquo;en apprendre davantage sur les communaut\u00e9s de poissons et les producteurs primaires marins de ces r\u00e9gions. Cette ann\u00e9e, l&rsquo;accent a \u00e9t\u00e9 mis sur les falaises du plancher oc\u00e9anique et les jardins verticaux de coraux des grands fonds r\u00e9cemment d\u00e9couverts au large de Makkovik et de Nain. Plusieurs plong\u00e9es avec le ROV et op\u00e9rations de carottage sont pr\u00e9vues pour mieux comprendre l&rsquo;\u00e9cologie de ces sites uniques. D&rsquo;autres \u00e9tudes benthiques sont pr\u00e9vues sur le plateau continental du Labrador et dans la baie de Baffin, y compris une plong\u00e9e avec le ROV en eaux profondes allant jusqu&rsquo;\u00e0 1300 m\u00e8tres dans le d\u00e9troit de Davis.<\/p>\n<p>&nbsp;<\/p>\n<p><a href=\"https:\/\/amundsenscience.com\/wp-content\/uploads\/2024\/07\/Communique-Depart-NGCC-Amundsen-2024-1.pdf\" class=\"cta-main\" target=\"_blank\" rel=\"noopener\"><span><span data-name=\"En savoir plus\">En savoir plus<\/span><\/span><\/a><\/p>\n                        <\/div>\r\n\r\n                    \r\n                            \r\n        <\/div>\r\n\r\n    <\/div>\r\n\r\n<\/section>","protected":false},"excerpt":{"rendered":"","protected":false},"author":4,"featured_media":0,"comment_status":"closed","ping_status":"closed","sticky":false,"template":"","format":"standard","meta":{"_acf_changed":true,"wds_primary_category":35,"footnotes":""},"categories":[35],"tags":[],"class_list":["post-5496","post","type-post","status-publish","format-standard","hentry","category-communiques-de-presse"],"acf":[],"_links":{"self":[{"href":"https:\/\/amundsenscience.com\/fr\/wp-json\/wp\/v2\/posts\/5496","targetHints":{"allow":["GET"]}}],"collection":[{"href":"https:\/\/amundsenscience.com\/fr\/wp-json\/wp\/v2\/posts"}],"about":[{"href":"https:\/\/amundsenscience.com\/fr\/wp-json\/wp\/v2\/types\/post"}],"author":[{"embeddable":true,"href":"https:\/\/amundsenscience.com\/fr\/wp-json\/wp\/v2\/users\/4"}],"replies":[{"embeddable":true,"href":"https:\/\/amundsenscience.com\/fr\/wp-json\/wp\/v2\/comments?post=5496"}],"version-history":[{"count":0,"href":"https:\/\/amundsenscience.com\/fr\/wp-json\/wp\/v2\/posts\/5496\/revisions"}],"wp:attachment":[{"href":"https:\/\/amundsenscience.com\/fr\/wp-json\/wp\/v2\/media?parent=5496"}],"wp:term":[{"taxonomy":"category","embeddable":true,"href":"https:\/\/amundsenscience.com\/fr\/wp-json\/wp\/v2\/categories?post=5496"},{"taxonomy":"post_tag","embeddable":true,"href":"https:\/\/amundsenscience.com\/fr\/wp-json\/wp\/v2\/tags?post=5496"}],"curies":[{"name":"wp","href":"https:\/\/api.w.org\/{rel}","templated":true}]}}