{"id":2348,"date":"2022-04-29T21:11:00","date_gmt":"2022-04-30T01:11:00","guid":{"rendered":"https:\/\/treize.dev\/amundse\/?p=2348"},"modified":"2024-01-22T16:41:52","modified_gmt":"2024-01-22T21:41:52","slug":"la-science-nordique-sinvite-au-musee","status":"publish","type":"post","link":"https:\/\/amundsenscience.com\/fr\/evenements\/la-science-nordique-sinvite-au-musee\/","title":{"rendered":"La science nordique s\u2019invite au mus\u00e9e"},"content":{"rendered":"\n<section class=\"block-hero single no-frame-lines\">\n    <div class=\"hero-content hero-block-top-pad block-bottom-pad-xs inline-pad dark-frame-lines\">\n                <div class=\"meta-data\">\n            <span class=\"cat-label subtitle\">\u00c9v\u00e9nements<\/span>\n            <span class=\"date subtitle\">29 avril 2022<\/span>\n        <\/div>\n        <h1 class=\"headline\">La science nordique s\u2019invite au mus\u00e9e<\/h1>\n    <\/div>\n\n            <div class=\"parallax-image cover aspect-ratio-wide white-frame-lines\">\n            <img decoding=\"async\" class=\"lazyload\" src=\"https:\/\/amundsenscience.com\/wp-content\/uploads\/2023\/11\/image_scienceNordique-scaled-1-150x100.jpg\" data-src=\"https:\/\/amundsenscience.com\/wp-content\/uploads\/2023\/11\/image_scienceNordique-scaled-1-1920x1277.jpg\" alt=\"\">\n        <\/div>\n    \n<\/section>\n\n<section class=\"inline-pad block-pad\">\r\n\r\n    <div class=\"wysiwyg-layout\">\r\n\r\n        <div class=\"content\">\r\n\r\n                            \r\n                    \r\n                        \r\n                        <div class=\"text-area wysiwyg\">\r\n                            <p><span style=\"font-weight: 400;\">Une exposition d\u2019\u00e9quipements scientifiques en lien avec la science nordique aura lieu les 7, 8 et 10 mai 2022 de 10 h 00 \u00e0 17 h 00 au <\/span><a href=\"https:\/\/www.mcq.org\/\"><span style=\"font-weight: 400;\">Mus\u00e9e de la civilisation de Qu\u00e9bec<\/span><\/a><span style=\"font-weight: 400;\">, dans le cadre des activit\u00e9s Science moi! organis\u00e9es par l\u2019<\/span><a href=\"https:\/\/www.acfas.ca\/\"><span style=\"font-weight: 400;\">ACFAS <\/span><\/a><span style=\"font-weight: 400;\">et l\u2019<\/span><a href=\"https:\/\/www.ulaval.ca\/\"><span style=\"font-weight: 400;\">Universit\u00e9 Laval<\/span><\/a><span style=\"font-weight: 400;\">.<\/span><\/p>\n<p><span style=\"font-weight: 400;\">Une panoplie d\u2019\u00e9quipements scientifiques \u00e0 la fine pointe de la technologie sera expos\u00e9e. Venez d\u00e9couvrir les v\u00e9hicules robotiques sous-marins, la rosette, les filets, et bien plus! Des pr\u00e9sentations multim\u00e9dias compl\u00e9teront l\u2019exp\u00e9rience en illustrant ces \u00e9quipements en action, dans le Saint-Laurent et en milieu arctique. Des \u00e9quipes scientifiques seront sur place pour r\u00e9pondre \u00e0 vos questions. Au plaisir de vous y voir!<\/span><\/p>\n<p><span style=\"font-weight: 400;\">Prenez note que la <\/span><a href=\"https:\/\/www.inq.ulaval.ca\/fr\/jn2022\"><span style=\"font-weight: 400;\">journ\u00e9e nordique de l\u2019INQ<\/span><\/a><span style=\"font-weight: 400;\"> aura \u00e9galement lieu le 10 mai au Mus\u00e9e!<\/span><\/p>\n<p><span style=\"font-weight: 400;\">Liens utiles:<\/span><\/p>\n<p><a href=\"https:\/\/www.acfas.ca\/evenements\/science-moi\/sciences-nordiques\"><span style=\"font-weight: 400;\">\u00c9v\u00e9nement ACFAS<\/span><\/a><\/p>\n<p><a href=\"https:\/\/activites.mcq.org\/sciencemoi-la-science-nordique-sinvite-au-musee-1048401\/\"><span style=\"font-weight: 400;\">\u00c9v\u00e9nement Mus\u00e9e de la civilisation<\/span><\/a><\/p>\n<p><a href=\"https:\/\/www.facebook.com\/events\/1394770350946133\/1394770364279465\/\"><span style=\"font-weight: 400;\">\u00c9v\u00e9nement Facebook<\/span><\/a><\/p>\n                        <\/div>\r\n\r\n                    \r\n                            \r\n        <\/div>\r\n\r\n    <\/div>\r\n\r\n<\/section>","protected":false},"excerpt":{"rendered":"<p>Une exposition d\u2019\u00e9quipements scientifiques en lien avec la science nordique aura lieu les 7, 8 et 10 mai 2022 de 10 h 00 \u00e0 17 h 00 au Mus\u00e9e de la civilisation de Qu\u00e9bec, dans le cadre des activit\u00e9s Science moi! organis\u00e9es par l\u2019ACFAS et l\u2019Universit\u00e9 Laval.<\/p>\n","protected":false},"author":4,"featured_media":1627,"comment_status":"closed","ping_status":"closed","sticky":false,"template":"","format":"standard","meta":{"_acf_changed":false,"wds_primary_category":23,"footnotes":""},"categories":[23],"tags":[],"class_list":["post-2348","post","type-post","status-publish","format-standard","has-post-thumbnail","hentry","category-evenements"],"acf":[],"_links":{"self":[{"href":"https:\/\/amundsenscience.com\/fr\/wp-json\/wp\/v2\/posts\/2348","targetHints":{"allow":["GET"]}}],"collection":[{"href":"https:\/\/amundsenscience.com\/fr\/wp-json\/wp\/v2\/posts"}],"about":[{"href":"https:\/\/amundsenscience.com\/fr\/wp-json\/wp\/v2\/types\/post"}],"author":[{"embeddable":true,"href":"https:\/\/amundsenscience.com\/fr\/wp-json\/wp\/v2\/users\/4"}],"replies":[{"embeddable":true,"href":"https:\/\/amundsenscience.com\/fr\/wp-json\/wp\/v2\/comments?post=2348"}],"version-history":[{"count":0,"href":"https:\/\/amundsenscience.com\/fr\/wp-json\/wp\/v2\/posts\/2348\/revisions"}],"wp:featuredmedia":[{"embeddable":true,"href":"https:\/\/amundsenscience.com\/fr\/wp-json\/wp\/v2\/media\/1627"}],"wp:attachment":[{"href":"https:\/\/amundsenscience.com\/fr\/wp-json\/wp\/v2\/media?parent=2348"}],"wp:term":[{"taxonomy":"category","embeddable":true,"href":"https:\/\/amundsenscience.com\/fr\/wp-json\/wp\/v2\/categories?post=2348"},{"taxonomy":"post_tag","embeddable":true,"href":"https:\/\/amundsenscience.com\/fr\/wp-json\/wp\/v2\/tags?post=2348"}],"curies":[{"name":"wp","href":"https:\/\/api.w.org\/{rel}","templated":true}]}}